{"id":7371,"date":"2025-09-10T04:28:16","date_gmt":"2025-09-10T04:28:16","guid":{"rendered":"https:\/\/tuulikolmio.fi\/?p=7371"},"modified":"2025-09-10T04:28:17","modified_gmt":"2025-09-10T04:28:17","slug":"wind-finland-2025","status":"publish","type":"post","link":"https:\/\/tuulikolmio.fi\/en\/wind-finland-2025\/","title":{"rendered":"Wind Finland 2025"},"content":{"rendered":"<p>Suomen merkitt\u00e4vin tuulivoimatapahtuma Wind Finland j\u00e4rjestet\u00e4\u00e4n Helsingiss\u00e4 30. syyskuuta, ja se kokoaa Kaapelitehtaalle jopa 800 alan asiantuntijaa. Tapahtumassa kuullaan huippupuhujia, keskustellaan tuulivoiman kehityksest\u00e4 Suomessa sek\u00e4 verkostoidutaan kollegoiden ja palveluntarjoajien kanssa. <a href=\"https:\/\/suomenuusiutuvat.fi\/ajankohtaista\/tapahtumat\/wind-finland-2025\/\" data-type=\"link\" data-id=\"https:\/\/suomenuusiutuvat.fi\/ajankohtaista\/tapahtumat\/wind-finland-2025\/\">Lue lis\u00e4\u00e4 tapahtumasta<\/a> Suomen Uusiutuvien sivuilta!<\/p>\n\n\n\n<p><\/p>","protected":false},"excerpt":{"rendered":"<p>Suomen merkitt\u00e4vin tuulivoimatapahtuma Wind Finland j\u00e4rjestet\u00e4\u00e4n Helsingiss\u00e4 30. syyskuuta, ja se kokoaa Kaapelitehtaalle jopa 800 alan asiantuntijaa. Tapahtumassa kuullaan huippupuhujia, keskustellaan tuulivoiman kehityksest\u00e4 Suomessa sek\u00e4 verkostoidutaan kollegoiden ja palveluntarjoajien kanssa. Lue lis\u00e4\u00e4 tapahtumasta Suomen Uusiutuvien sivuilta!<\/p>","protected":false},"author":6,"featured_media":0,"comment_status":"closed","ping_status":"closed","sticky":false,"template":"","format":"standard","meta":{"_acf_changed":false,"_jetpack_memberships_contains_paid_content":false,"footnotes":""},"categories":[1],"tags":[],"class_list":["post-7371","post","type-post","status-publish","format-standard","hentry","category-uncategorized"],"acf":[],"jetpack_featured_media_url":"","jetpack_sharing_enabled":true,"_links":{"self":[{"href":"https:\/\/tuulikolmio.fi\/en\/wp-json\/wp\/v2\/posts\/7371","targetHints":{"allow":["GET"]}}],"collection":[{"href":"https:\/\/tuulikolmio.fi\/en\/wp-json\/wp\/v2\/posts"}],"about":[{"href":"https:\/\/tuulikolmio.fi\/en\/wp-json\/wp\/v2\/types\/post"}],"author":[{"embeddable":true,"href":"https:\/\/tuulikolmio.fi\/en\/wp-json\/wp\/v2\/users\/6"}],"replies":[{"embeddable":true,"href":"https:\/\/tuulikolmio.fi\/en\/wp-json\/wp\/v2\/comments?post=7371"}],"version-history":[{"count":1,"href":"https:\/\/tuulikolmio.fi\/en\/wp-json\/wp\/v2\/posts\/7371\/revisions"}],"predecessor-version":[{"id":7372,"href":"https:\/\/tuulikolmio.fi\/en\/wp-json\/wp\/v2\/posts\/7371\/revisions\/7372"}],"wp:attachment":[{"href":"https:\/\/tuulikolmio.fi\/en\/wp-json\/wp\/v2\/media?parent=7371"}],"wp:term":[{"taxonomy":"category","embeddable":true,"href":"https:\/\/tuulikolmio.fi\/en\/wp-json\/wp\/v2\/categories?post=7371"},{"taxonomy":"post_tag","embeddable":true,"href":"https:\/\/tuulikolmio.fi\/en\/wp-json\/wp\/v2\/tags?post=7371"}],"curies":[{"name":"wp","href":"https:\/\/api.w.org\/{rel}","templated":true}]}}